{"id":5339,"date":"2025-09-12T16:42:45","date_gmt":"2025-09-12T19:42:45","guid":{"rendered":"https:\/\/www.brazilts.com.br\/blog\/?p=5339"},"modified":"2025-09-12T16:44:21","modified_gmt":"2025-09-12T19:44:21","slug":"como-o-dia-da-independencia-e-comemorado","status":"publish","type":"post","link":"https:\/\/www.brazilts.com.br\/blog\/como-o-dia-da-independencia-e-comemorado\/","title":{"rendered":"Como o dia da independ\u00eancia \u00e9 comemorado ao redor do mundo"},"content":{"rendered":"<span class=\"rt-reading-time\" style=\"display: block;\"><span class=\"rt-label rt-prefix\">Tempo de leitura: <\/span> <span class=\"rt-time\">5<\/span> <span class=\"rt-label rt-postfix\">minutos<\/span><\/span>\n<p><strong><em>Descubra como diferentes pa\u00edses celebram o dia da independ\u00eancia e a import\u00e2ncia cultural dessas tradi\u00e7\u00f5es ao redor do mundo.<\/em><\/strong><\/p>\n\n\n\n<p>O <strong>dia da independ\u00eancia<\/strong> \u00e9 uma das datas mais marcantes para qualquer na\u00e7\u00e3o. Ele simboliza liberdade, identidade nacional e o orgulho de um povo que conquistou sua autonomia pol\u00edtica.&nbsp;<\/p>\n\n\n\n<p>Apesar do significado comum, <strong>cada pa\u00eds transforma esse marco hist\u00f3rico em celebra\u00e7\u00f5es \u00fanicas<\/strong>, que refletem sua cultura, seus valores e sua hist\u00f3ria.<\/p>\n\n\n\n<p>Ao redor do mundo, essas comemora\u00e7\u00f5es podem variar de desfiles militares imponentes a festas populares com m\u00fasica, dan\u00e7a e fogos de artif\u00edcio. Algumas na\u00e7\u00f5es destacam sua heran\u00e7a cultural, outras refor\u00e7am sua for\u00e7a pol\u00edtica.&nbsp;<\/p>\n\n\n\n<p>Em todos os casos, o <strong>dia da independ\u00eancia<\/strong> \u00e9 uma oportunidade de fortalecer a mem\u00f3ria coletiva.<\/p>\n\n\n\n<p>Como uma empresa global de solu\u00e7\u00f5es lingu\u00edsticas, com presen\u00e7a no Brasil e nos Estados Unidos, acompanhamos de perto como diferentes culturas expressam sua identidade.&nbsp;<\/p>\n\n\n\n<p>Por isso, neste artigo, vamos explorar <strong>como o dia da independ\u00eancia \u00e9 celebrado em diversas partes do mundo<\/strong> e o que essas tradi\u00e7\u00f5es revelam sobre cada povo.<\/p>\n\n\n\n<ul><li><a href=\"https:\/\/www.brazilts.com.br\/blog\/o-que-e-necessario-para-viajar-para-a-europa\/\">O que \u00e9 necess\u00e1rio para viajar para Europa: guia completo com documentos e dicas essenciais<\/a><\/li><\/ul>\n\n\n\n<div id=\"ez-toc-container\" class=\"ez-toc-v2_0_69_1 counter-hierarchy ez-toc-counter ez-toc-grey ez-toc-container-direction\">\n<div class=\"ez-toc-title-container\">\n<p class=\"ez-toc-title \" >O que abordaremos neste artigo<\/p>\n<span class=\"ez-toc-title-toggle\"><a href=\"#\" class=\"ez-toc-pull-right ez-toc-btn ez-toc-btn-xs ez-toc-btn-default ez-toc-toggle\" aria-label=\"Toggle Table of Content\"><span class=\"ez-toc-js-icon-con\"><span class=\"\"><span class=\"eztoc-hide\" style=\"display:none;\">Toggle<\/span><span class=\"ez-toc-icon-toggle-span\"><svg style=\"fill: #999;color:#999\" xmlns=\"http:\/\/www.w3.org\/2000\/svg\" class=\"list-377408\" width=\"20px\" height=\"20px\" viewBox=\"0 0 24 24\" fill=\"none\"><path d=\"M6 6H4v2h2V6zm14 0H8v2h12V6zM4 11h2v2H4v-2zm16 0H8v2h12v-2zM4 16h2v2H4v-2zm16 0H8v2h12v-2z\" fill=\"currentColor\"><\/path><\/svg><svg style=\"fill: #999;color:#999\" class=\"arrow-unsorted-368013\" xmlns=\"http:\/\/www.w3.org\/2000\/svg\" width=\"10px\" height=\"10px\" viewBox=\"0 0 24 24\" version=\"1.2\" baseProfile=\"tiny\"><path d=\"M18.2 9.3l-6.2-6.3-6.2 6.3c-.2.2-.3.4-.3.7s.1.5.3.7c.2.2.4.3.7.3h11c.3 0 .5-.1.7-.3.2-.2.3-.5.3-.7s-.1-.5-.3-.7zM5.8 14.7l6.2 6.3 6.2-6.3c.2-.2.3-.5.3-.7s-.1-.5-.3-.7c-.2-.2-.4-.3-.7-.3h-11c-.3 0-.5.1-.7.3-.2.2-.3.5-.3.7s.1.5.3.7z\"\/><\/svg><\/span><\/span><\/span><\/a><\/span><\/div>\n<nav><ul class='ez-toc-list ez-toc-list-level-1 ' ><li class='ez-toc-page-1 ez-toc-heading-level-2'><a class=\"ez-toc-link ez-toc-heading-1\" href=\"https:\/\/www.brazilts.com.br\/blog\/como-o-dia-da-independencia-e-comemorado\/#O_%E2%80%98independence_Day_nos_Estados_Unidos\" title=\"O \u2018independence Day\u2019 nos Estados Unidos\">O \u2018independence Day\u2019 nos Estados Unidos<\/a><\/li><li class='ez-toc-page-1 ez-toc-heading-level-2'><a class=\"ez-toc-link ez-toc-heading-2\" href=\"https:\/\/www.brazilts.com.br\/blog\/como-o-dia-da-independencia-e-comemorado\/#O_dia_da_independencia_no_Brasil\" title=\"O dia da independ\u00eancia no Brasil\">O dia da independ\u00eancia no Brasil<\/a><\/li><li class='ez-toc-page-1 ez-toc-heading-level-2'><a class=\"ez-toc-link ez-toc-heading-3\" href=\"https:\/\/www.brazilts.com.br\/blog\/como-o-dia-da-independencia-e-comemorado\/#O_dia_da_independencia_na_India\" title=\"O dia da independ\u00eancia na \u00cdndia\">O dia da independ\u00eancia na \u00cdndia<\/a><\/li><li class='ez-toc-page-1 ez-toc-heading-level-2'><a class=\"ez-toc-link ez-toc-heading-4\" href=\"https:\/\/www.brazilts.com.br\/blog\/como-o-dia-da-independencia-e-comemorado\/#O_%E2%80%98dia_de_la_independencia_no_Mexico\" title=\"O \u2018dia de la independencia\u2019 no M\u00e9xico\">O \u2018dia de la independencia\u2019 no M\u00e9xico<\/a><\/li><li class='ez-toc-page-1 ez-toc-heading-level-2'><a class=\"ez-toc-link ez-toc-heading-5\" href=\"https:\/\/www.brazilts.com.br\/blog\/como-o-dia-da-independencia-e-comemorado\/#Outras_celebracoes_de_independencia_pelo_mundo\" title=\"Outras celebra\u00e7\u00f5es de independ\u00eancia pelo mundo\">Outras celebra\u00e7\u00f5es de independ\u00eancia pelo mundo<\/a><\/li><li class='ez-toc-page-1 ez-toc-heading-level-2'><a class=\"ez-toc-link ez-toc-heading-6\" href=\"https:\/\/www.brazilts.com.br\/blog\/como-o-dia-da-independencia-e-comemorado\/#O_papel_da_linguagem_e_da_traducao_nas_celebracoes_nacionais\" title=\"O papel da linguagem e da tradu\u00e7\u00e3o nas celebra\u00e7\u00f5es nacionais\">O papel da linguagem e da tradu\u00e7\u00e3o nas celebra\u00e7\u00f5es nacionais<\/a><\/li><li class='ez-toc-page-1 ez-toc-heading-level-2'><a class=\"ez-toc-link ez-toc-heading-7\" href=\"https:\/\/www.brazilts.com.br\/blog\/como-o-dia-da-independencia-e-comemorado\/#O_dia_da_independencia_como_reflexo_da_identidade_cultural\" title=\"O dia da independ\u00eancia como reflexo da identidade cultural\">O dia da independ\u00eancia como reflexo da identidade cultural<\/a><\/li><li class='ez-toc-page-1 ez-toc-heading-level-2'><a class=\"ez-toc-link ez-toc-heading-8\" href=\"https:\/\/www.brazilts.com.br\/blog\/como-o-dia-da-independencia-e-comemorado\/#Celebrando_o_dia_da_independencia_com_respeito_e_conexao_global\" title=\"Celebrando o dia da independ\u00eancia com respeito e conex\u00e3o global\">Celebrando o dia da independ\u00eancia com respeito e conex\u00e3o global<\/a><\/li><\/ul><\/nav><\/div>\n<h2><span class=\"ez-toc-section\" id=\"O_%E2%80%98independence_Day_nos_Estados_Unidos\"><\/span>O \u2018<em>independence Day<\/em>\u2019 nos Estados Unidos<span class=\"ez-toc-section-end\"><\/span><\/h2>\n\n\n\n<p>O <strong>4 de julho<\/strong> \u00e9, provavelmente, a celebra\u00e7\u00e3o mais famosa de independ\u00eancia no mundo. Nos Estados Unidos, a data remete \u00e0 assinatura da Declara\u00e7\u00e3o de Independ\u00eancia, em 1776, que marcou a separa\u00e7\u00e3o das Treze Col\u00f4nias do Imp\u00e9rio Brit\u00e2nico.<\/p>\n\n\n\n<p>Nesse dia, o pa\u00eds inteiro se veste de vermelho, azul e branco. As cidades promovem <strong>desfiles com bandas marciais, fogos de artif\u00edcio e festas comunit\u00e1rias<\/strong>. Fam\u00edlias se re\u00fanem em churrascos e piqueniques, enquanto pol\u00edticos refor\u00e7am discursos patri\u00f3ticos.<\/p>\n\n\n\n<p>O simbolismo vai al\u00e9m do entretenimento: \u00e9 um momento em que o orgulho nacional \u00e9 reafirmado, e a unidade do pa\u00eds ganha destaque.&nbsp;<\/p>\n\n\n\n<p>Para empresas internacionais como a nossa, com filial em Nova Iorque, a data \u00e9 tamb\u00e9m um lembrete do poder da comunica\u00e7\u00e3o cultural para aproximar pessoas de diferentes origens.<\/p>\n\n\n\n<h2><span class=\"ez-toc-section\" id=\"O_dia_da_independencia_no_Brasil\"><\/span>O dia da independ\u00eancia no Brasil<span class=\"ez-toc-section-end\"><\/span><\/h2>\n\n\n\n<div class=\"wp-block-image is-style-rounded\"><figure class=\"alignright size-full is-resized\"><img loading=\"lazy\" src=\"https:\/\/www.brazilts.com.br\/blog\/wp-content\/uploads\/2025\/09\/2150203813.jpg\" alt=\"\" class=\"wp-image-5340\" width=\"348\" height=\"260\" srcset=\"https:\/\/www.brazilts.com.br\/blog\/wp-content\/uploads\/2025\/09\/2150203813.jpg 1000w, https:\/\/www.brazilts.com.br\/blog\/wp-content\/uploads\/2025\/09\/2150203813-300x225.jpg 300w, https:\/\/www.brazilts.com.br\/blog\/wp-content\/uploads\/2025\/09\/2150203813-768x576.jpg 768w, https:\/\/www.brazilts.com.br\/blog\/wp-content\/uploads\/2025\/09\/2150203813-80x60.jpg 80w\" sizes=\"(max-width: 348px) 100vw, 348px\" \/><\/figure><\/div>\n\n\n\n<p>No Brasil, o <strong>dia da independ\u00eancia<\/strong> \u00e9 celebrado em <strong>7 de setembro<\/strong>, em mem\u00f3ria ao grito de Dom Pedro I, \u00e0s margens do Rio Ipiranga, em 1822.<\/p>\n\n\n\n<p>Tradicionalmente, a data \u00e9 marcada por <strong>desfiles c\u00edvico-militares em Bras\u00edlia e nas capitais<\/strong>, com a presen\u00e7a das For\u00e7as Armadas e autoridades. Nas escolas, as crian\u00e7as participam de atividades que refor\u00e7am valores de cidadania e hist\u00f3ria.<\/p>\n\n\n\n<p>Nos \u00faltimos anos, o 7 de setembro ganhou ainda mais relev\u00e2ncia, sendo utilizado tamb\u00e9m como um espa\u00e7o para manifesta\u00e7\u00f5es populares.&nbsp;<\/p>\n\n\n\n<p>Isso mostra como a comemora\u00e7\u00e3o se adapta \u00e0s transforma\u00e7\u00f5es sociais, refletindo a voz do povo em diferentes contextos hist\u00f3ricos.<\/p>\n\n\n\n<ul><li><a href=\"https:\/\/www.brazilts.com.br\/blog\/qual-a-lingua-mais-dificil-do-mundo\/\">Qual a l\u00edngua mais dif\u00edcil do mundo e suas particularidades<\/a><\/li><\/ul>\n\n\n\n<h2><span class=\"ez-toc-section\" id=\"O_dia_da_independencia_na_India\"><\/span>O dia da independ\u00eancia na \u00cdndia<span class=\"ez-toc-section-end\"><\/span><\/h2>\n\n\n\n<p>A \u00cdndia celebra sua independ\u00eancia em <strong>15 de agosto<\/strong>, data em que, em 1947, o pa\u00eds conquistou liberdade ap\u00f3s quase 200 anos de coloniza\u00e7\u00e3o brit\u00e2nica.<\/p>\n\n\n\n<p>O dia come\u00e7a com o primeiro-ministro hasteando a bandeira no <strong>Forte Vermelho, em Nova D\u00e9lhi<\/strong>, seguido de um discurso transmitido nacionalmente. Em todo o pa\u00eds, escolas e comunidades organizam <strong>apresenta\u00e7\u00f5es culturais, dan\u00e7as t\u00edpicas e celebra\u00e7\u00f5es populares<\/strong>.<\/p>\n\n\n\n<p>A mistura de tradi\u00e7\u00f5es religiosas e culturais indianas d\u00e1 \u00e0 data um car\u00e1ter \u00fanico. Mais do que uma lembran\u00e7a hist\u00f3rica, o dia simboliza a diversidade que une o pa\u00eds.<\/p>\n\n\n\n<h2><span class=\"ez-toc-section\" id=\"O_%E2%80%98dia_de_la_independencia_no_Mexico\"><\/span>O \u2018dia de la independencia\u2019 no M\u00e9xico<span class=\"ez-toc-section-end\"><\/span><\/h2>\n\n\n\n<p>No M\u00e9xico, a independ\u00eancia \u00e9 comemorada em <strong>16 de setembro<\/strong>, relembrando o famoso <strong>\u201cGrito de Dolores\u201d<\/strong>, dado pelo padre Miguel Hidalgo em 1810.<\/p>\n\n\n\n<p>Na v\u00e9spera da data, o presidente do pa\u00eds realiza o <strong>\u201cGrito da Independ\u00eancia\u201d<\/strong> da sacada do Pal\u00e1cio Nacional, repetindo as palavras hist\u00f3ricas que marcaram o in\u00edcio da luta contra a Espanha.<\/p>\n\n\n\n<p>As ruas ficam tomadas por <strong>festas populares, m\u00fasica mariachi, dan\u00e7as folcl\u00f3ricas e fogos de artif\u00edcio<\/strong>. A celebra\u00e7\u00e3o \u00e9 carregada de emo\u00e7\u00e3o e nacionalismo, refor\u00e7ando a identidade mexicana com intensidade.<\/p>\n\n\n\n<ul><li><a href=\"https:\/\/www.brazilts.com.br\/blog\/conheca-os-paises-que-falam-o-ingles\/\">Pa\u00edses que falam o ingl\u00eas e voc\u00ea n\u00e3o imagina<\/a><\/li><\/ul>\n\n\n\n<h2><span class=\"ez-toc-section\" id=\"Outras_celebracoes_de_independencia_pelo_mundo\"><\/span>Outras celebra\u00e7\u00f5es de independ\u00eancia pelo mundo<span class=\"ez-toc-section-end\"><\/span><\/h2>\n\n\n\n<p>Al\u00e9m dos exemplos mais conhecidos, h\u00e1 outros pa\u00edses que tamb\u00e9m transformam essa data em um momento de uni\u00e3o nacional:<\/p>\n\n\n\n<ul><li><strong>Fran\u00e7a (14 de julho \u2013 Dia da Bastilha):<\/strong> embora seja uma data da Revolu\u00e7\u00e3o Francesa, \u00e9 considerada a comemora\u00e7\u00e3o da independ\u00eancia, com desfiles militares e shows de fogos na Torre Eiffel.<br><\/li><li><strong>\u00c1frica do Sul (27 de abril \u2013 Dia da Liberdade):<\/strong> marca o fim do apartheid em 1994, com foco em direitos civis e inclus\u00e3o social.<br><\/li><li><strong>Indon\u00e9sia (17 de agosto):<\/strong> a popula\u00e7\u00e3o participa de competi\u00e7\u00f5es tradicionais, como corridas de sacos e escaladas em postes enfeitados.<br><\/li><li><strong>Gana (6 de mar\u00e7o):<\/strong> um dos primeiros pa\u00edses africanos a conquistar independ\u00eancia, celebra a data com eventos c\u00edvicos e culturais.<br><\/li><li><strong>Portugal (restaura\u00e7\u00e3o da independ\u00eancia, 1\u00ba de dezembro):<\/strong> lembra a separa\u00e7\u00e3o da Uni\u00e3o Ib\u00e9rica em 1640, mantendo viva a mem\u00f3ria hist\u00f3rica do pa\u00eds.<br><\/li><\/ul>\n\n\n\n<p>Essas datas mostram como cada na\u00e7\u00e3o ressignifica a independ\u00eancia de acordo com seus valores e contextos pol\u00edticos.<\/p>\n\n\n\n<h2><span class=\"ez-toc-section\" id=\"O_papel_da_linguagem_e_da_traducao_nas_celebracoes_nacionais\"><\/span>O papel da linguagem e da tradu\u00e7\u00e3o nas celebra\u00e7\u00f5es nacionais<span class=\"ez-toc-section-end\"><\/span><\/h2>\n\n\n\n<p>Em um mundo globalizado, as celebra\u00e7\u00f5es de independ\u00eancia ganham destaque internacional. Jornalistas, diplomatas e empresas precisam comunicar a import\u00e2ncia dessas datas em m\u00faltiplos idiomas.<\/p>\n\n\n\n<p>\u00c9 aqui que a expertise da <strong>Brazil Translations<\/strong> se conecta a esse tema. Com <strong>mais de 20 anos de experi\u00eancia, certificados ISO 9001, ISO 27001 e ISO 17100<\/strong>, oferecemos servi\u00e7os que garantem a <strong>precis\u00e3o e a sensibilidade cultural<\/strong> necess\u00e1rias para traduzir e interpretar mensagens oficiais, discursos e documentos hist\u00f3ricos.<\/p>\n\n\n\n<p>Nossa equipe de mais de <strong>2.000 profissionais, cobrindo 100 idiomas<\/strong>, assegura que a mensagem de independ\u00eancia de um pa\u00eds seja compreendida e respeitada em qualquer contexto global.&nbsp;<\/p>\n\n\n\n<p><strong>Afinal, celebrar a liberdade tamb\u00e9m \u00e9 valorizar a comunica\u00e7\u00e3o sem fronteiras.<\/strong><\/p>\n\n\n\n<ul><li><a href=\"https:\/\/www.brazilts.com.br\/blog\/as-festas-folcloricas-mais-incriveis-e-populares-do-mundo\/\">As festas folcl\u00f3ricas mais incr\u00edveis e populares do mundo<\/a><\/li><\/ul>\n\n\n\n<h2><span class=\"ez-toc-section\" id=\"O_dia_da_independencia_como_reflexo_da_identidade_cultural\"><\/span>O dia da independ\u00eancia como reflexo da identidade cultural<span class=\"ez-toc-section-end\"><\/span><\/h2>\n\n\n\n<p>O que une todas essas comemora\u00e7\u00f5es \u00e9 o car\u00e1ter simb\u00f3lico do <strong>dia da independ\u00eancia<\/strong>. Seja por meio de grandes desfiles militares ou festas populares cheias de m\u00fasica e dan\u00e7a, a data refor\u00e7a o orgulho nacional e a mem\u00f3ria coletiva.<\/p>\n\n\n\n<p>Mais do que um feriado, o dia \u00e9 um convite para refletir sobre valores de liberdade, cidadania e uni\u00e3o. Para empresas globais, \u00e9 tamb\u00e9m uma oportunidade de reconhecer a diversidade cultural e fortalecer conex\u00f5es internacionais.<\/p>\n\n\n\n<p>Na <strong>Brazil Translations<\/strong>, acreditamos que cada idioma e cada tradi\u00e7\u00e3o contam uma hist\u00f3ria \u00fanica. E \u00e9 justamente traduzindo essas hist\u00f3rias que ajudamos a aproximar culturas e ampliar horizontes.<\/p>\n\n\n\n<h2><span class=\"ez-toc-section\" id=\"Celebrando_o_dia_da_independencia_com_respeito_e_conexao_global\"><\/span>Celebrando o dia da independ\u00eancia com respeito e conex\u00e3o global<span class=\"ez-toc-section-end\"><\/span><\/h2>\n\n\n\n<p>O <strong>dia da independ\u00eancia<\/strong> \u00e9 celebrado de diferentes formas ao redor do mundo, mas o objetivo \u00e9 sempre o mesmo: <strong>honrar a liberdade conquistada e refor\u00e7ar a identidade de um povo<\/strong>.<\/p>\n\n\n\n<p>Para uma empresa global como a nossa, que conecta culturas e promove a comunica\u00e7\u00e3o sem barreiras, acompanhar essas celebra\u00e7\u00f5es \u00e9 parte de nossa miss\u00e3o.&nbsp;<\/p>\n\n\n\n<p>Afinal, cada tradu\u00e7\u00e3o, cada interpreta\u00e7\u00e3o e cada projeto de comunica\u00e7\u00e3o que entregamos \u00e9 um passo para unir na\u00e7\u00f5es, respeitando suas mem\u00f3rias e tradi\u00e7\u00f5es.<\/p>\n\n\n\n<p>Seja qual for o idioma, a cultura ou a celebra\u00e7\u00e3o, estamos prontos para garantir que sua mensagem seja transmitida com <strong>qualidade, agilidade e sensibilidade cultural<\/strong>.<\/p>\n\n\n\n<p><a href=\"https:\/\/www.brazilts.com.br\/contato\/\"><strong>Entre em contato conosco e descubra como nossas solu\u00e7\u00f5es lingu\u00edsticas podem apoiar seu projeto internacional.<\/strong><\/a><\/p>\n","protected":false},"excerpt":{"rendered":"<p><span class=\"rt-reading-time\" style=\"display: block;\"><span class=\"rt-label rt-prefix\">Tempo de leitura: <\/span> <span class=\"rt-time\">5<\/span> <span class=\"rt-label rt-postfix\">minutos<\/span><\/span> Descubra como diferentes pa\u00edses celebram o dia da independ\u00eancia e a import\u00e2ncia cultural dessas tradi\u00e7\u00f5es ao redor do mundo. O dia da independ\u00eancia \u00e9 uma das datas mais marcantes para qualquer na\u00e7\u00e3o. Ele simboliza liberdade, identidade nacional e o orgulho de um povo que conquistou sua autonomia pol\u00edtica.&nbsp; Apesar do significado comum, cada pa\u00eds transforma &hellip; <\/p>\n","protected":false},"author":3,"featured_media":5341,"comment_status":"closed","ping_status":"open","sticky":false,"template":"","format":"standard","meta":[],"categories":[916],"tags":[10167,10196,10195,10184,10187,10186,10166,10183,10164,10178,10182,10177,10181,10173,10165,10169,10168,10172,10175,10170,10174,10171,10176,10191,10189,10197,10180,10185,10192,10190,10194,10198,10188,10193,10179],"yoast_head":"<!-- This site is optimized with the Yoast SEO plugin v19.13 - https:\/\/yoast.com\/wordpress\/plugins\/seo\/ -->\n<title>Dia da Independ\u00eancia: como \u00e9 comemorado ao redor do mundo<\/title>\n<meta name=\"description\" content=\"Dia da independ\u00eancia \u00e9 celebrado de formas \u00fanicas em v\u00e1rios pa\u00edses, com tradi\u00e7\u00f5es que refor\u00e7am cultura, liberdade e identidade nacional.\" \/>\n<meta name=\"robots\" content=\"index, follow, max-snippet:-1, max-image-preview:large, max-video-preview:-1\" \/>\n<link rel=\"canonical\" href=\"https:\/\/www.brazilts.com.br\/blog\/como-o-dia-da-independencia-e-comemorado\/\" \/>\n<meta property=\"og:locale\" content=\"pt_BR\" \/>\n<meta property=\"og:type\" content=\"article\" \/>\n<meta property=\"og:title\" content=\"Dia da Independ\u00eancia: como \u00e9 comemorado ao redor do mundo\" \/>\n<meta property=\"og:description\" content=\"Dia da independ\u00eancia \u00e9 celebrado de formas \u00fanicas em v\u00e1rios pa\u00edses, com tradi\u00e7\u00f5es que refor\u00e7am cultura, liberdade e identidade nacional.\" \/>\n<meta property=\"og:url\" content=\"https:\/\/www.brazilts.com.br\/blog\/como-o-dia-da-independencia-e-comemorado\/\" \/>\n<meta property=\"og:site_name\" content=\"Brazil Translations\" \/>\n<meta property=\"article:published_time\" content=\"2025-09-12T19:42:45+00:00\" \/>\n<meta property=\"article:modified_time\" content=\"2025-09-12T19:44:21+00:00\" \/>\n<meta property=\"og:image\" content=\"https:\/\/www.brazilts.com.br\/blog\/wp-content\/uploads\/2025\/09\/2147817182.jpg\" \/>\n\t<meta property=\"og:image:width\" content=\"1000\" \/>\n\t<meta property=\"og:image:height\" content=\"667\" \/>\n\t<meta property=\"og:image:type\" content=\"image\/jpeg\" \/>\n<meta name=\"author\" content=\"Camilla Schuenher\" \/>\n<meta name=\"twitter:card\" content=\"summary_large_image\" \/>\n<meta name=\"twitter:label1\" content=\"Escrito por\" \/>\n\t<meta name=\"twitter:data1\" content=\"Camilla Schuenher\" \/>\n\t<meta name=\"twitter:label2\" content=\"Est. tempo de leitura\" \/>\n\t<meta name=\"twitter:data2\" content=\"7 minutos\" \/>\n<script type=\"application\/ld+json\" class=\"yoast-schema-graph\">{\"@context\":\"https:\/\/schema.org\",\"@graph\":[{\"@type\":\"Article\",\"@id\":\"https:\/\/www.brazilts.com.br\/blog\/como-o-dia-da-independencia-e-comemorado\/#article\",\"isPartOf\":{\"@id\":\"https:\/\/www.brazilts.com.br\/blog\/como-o-dia-da-independencia-e-comemorado\/\"},\"author\":{\"name\":\"Camilla Schuenher\",\"@id\":\"https:\/\/www.brazilts.com.br\/blog\/#\/schema\/person\/8edb43296eab3389709fa30e2dbd2aeb\"},\"headline\":\"Como o dia da independ\u00eancia \u00e9 comemorado ao redor do mundo\",\"datePublished\":\"2025-09-12T19:42:45+00:00\",\"dateModified\":\"2025-09-12T19:44:21+00:00\",\"mainEntityOfPage\":{\"@id\":\"https:\/\/www.brazilts.com.br\/blog\/como-o-dia-da-independencia-e-comemorado\/\"},\"wordCount\":1306,\"publisher\":{\"@id\":\"https:\/\/www.brazilts.com.br\/blog\/#organization\"},\"keywords\":[\"celebra\u00e7\u00f5es nacionais independ\u00eancia\",\"como a tradu\u00e7\u00e3o ajuda em celebra\u00e7\u00f5es nacionais?\",\"como as tradi\u00e7\u00f5es culturais influenciam a independ\u00eancia?\",\"como \u00e9 comemorado o dia da independ\u00eancia no mundo?\",\"como o Brasil celebra sua independ\u00eancia?\",\"como os EUA comemoram o dia da independ\u00eancia?\",\"como pa\u00edses comemoram independ\u00eancia\",\"desfiles c\u00edvicos\",\"dia da independ\u00eancia\",\"feriados nacionais\",\"festas de independ\u00eancia\",\"hist\u00f3ria do dia da independ\u00eancia\",\"identidade cultural e independ\u00eancia\",\"independ\u00eancia \u00c1frica do Sul\",\"independ\u00eancia ao redor do mundo\",\"independ\u00eancia Brasil\",\"independ\u00eancia Estados Unidos\",\"independ\u00eancia Fran\u00e7a\",\"independ\u00eancia Gana\",\"independ\u00eancia \u00cdndia\",\"independ\u00eancia Indon\u00e9sia\",\"independ\u00eancia M\u00e9xico\",\"independ\u00eancia Portugal\",\"o que \u00e9 o Grito de Dolores?\",\"o que representa o dia da independ\u00eancia no M\u00e9xico?\",\"o que une diferentes pa\u00edses no dia da independ\u00eancia?\",\"patriotismo global\",\"por que o dia da independ\u00eancia \u00e9 importante?\",\"quais pa\u00edses africanos comemoram independ\u00eancia?\",\"quais pa\u00edses celebram independ\u00eancia em agosto?\",\"qual \u00e9 a diferen\u00e7a entre o 14 de julho da Fran\u00e7a e o 4 de julho dos EUA?\",\"qual \u00e9 o papel da identidade cultural nessas datas?\",\"qual \u00e9 o significado do 15 de agosto na \u00cdndia?\",\"quando \u00e9 o dia da liberdade na \u00c1frica do Sul?\",\"s\u00edmbolos da independ\u00eancia\"],\"articleSection\":[\"Cultura e costumes\"],\"inLanguage\":\"pt-BR\"},{\"@type\":\"WebPage\",\"@id\":\"https:\/\/www.brazilts.com.br\/blog\/como-o-dia-da-independencia-e-comemorado\/\",\"url\":\"https:\/\/www.brazilts.com.br\/blog\/como-o-dia-da-independencia-e-comemorado\/\",\"name\":\"Dia da Independ\u00eancia: como \u00e9 comemorado ao redor do mundo\",\"isPartOf\":{\"@id\":\"https:\/\/www.brazilts.com.br\/blog\/#website\"},\"datePublished\":\"2025-09-12T19:42:45+00:00\",\"dateModified\":\"2025-09-12T19:44:21+00:00\",\"description\":\"Dia da independ\u00eancia \u00e9 celebrado de formas \u00fanicas em v\u00e1rios pa\u00edses, com tradi\u00e7\u00f5es que refor\u00e7am cultura, liberdade e identidade nacional.\",\"breadcrumb\":{\"@id\":\"https:\/\/www.brazilts.com.br\/blog\/como-o-dia-da-independencia-e-comemorado\/#breadcrumb\"},\"inLanguage\":\"pt-BR\",\"potentialAction\":[{\"@type\":\"ReadAction\",\"target\":[\"https:\/\/www.brazilts.com.br\/blog\/como-o-dia-da-independencia-e-comemorado\/\"]}]},{\"@type\":\"BreadcrumbList\",\"@id\":\"https:\/\/www.brazilts.com.br\/blog\/como-o-dia-da-independencia-e-comemorado\/#breadcrumb\",\"itemListElement\":[{\"@type\":\"ListItem\",\"position\":1,\"name\":\"In\u00edcio\",\"item\":\"https:\/\/www.brazilts.com.br\/blog\/\"},{\"@type\":\"ListItem\",\"position\":2,\"name\":\"Como o dia da independ\u00eancia \u00e9 comemorado ao redor do mundo\"}]},{\"@type\":\"WebSite\",\"@id\":\"https:\/\/www.brazilts.com.br\/blog\/#website\",\"url\":\"https:\/\/www.brazilts.com.br\/blog\/\",\"name\":\"Brazil Translations\",\"description\":\"Blog  - Brazil Translations\",\"publisher\":{\"@id\":\"https:\/\/www.brazilts.com.br\/blog\/#organization\"},\"potentialAction\":[{\"@type\":\"SearchAction\",\"target\":{\"@type\":\"EntryPoint\",\"urlTemplate\":\"https:\/\/www.brazilts.com.br\/blog\/?s={search_term_string}\"},\"query-input\":\"required name=search_term_string\"}],\"inLanguage\":\"pt-BR\"},{\"@type\":\"Organization\",\"@id\":\"https:\/\/www.brazilts.com.br\/blog\/#organization\",\"name\":\"Brazil Translations\",\"url\":\"https:\/\/www.brazilts.com.br\/blog\/\",\"logo\":{\"@type\":\"ImageObject\",\"inLanguage\":\"pt-BR\",\"@id\":\"https:\/\/www.brazilts.com.br\/blog\/#\/schema\/logo\/image\/\",\"url\":\"https:\/\/www.brazilts.com.br\/blog\/wp-content\/uploads\/2026\/01\/logo-1-3.png\",\"contentUrl\":\"https:\/\/www.brazilts.com.br\/blog\/wp-content\/uploads\/2026\/01\/logo-1-3.png\",\"width\":1988,\"height\":1080,\"caption\":\"Brazil Translations\"},\"image\":{\"@id\":\"https:\/\/www.brazilts.com.br\/blog\/#\/schema\/logo\/image\/\"}},{\"@type\":\"Person\",\"@id\":\"https:\/\/www.brazilts.com.br\/blog\/#\/schema\/person\/8edb43296eab3389709fa30e2dbd2aeb\",\"name\":\"Camilla Schuenher\",\"url\":\"https:\/\/www.brazilts.com.br\/blog\/author\/camilla\/\"}]}<\/script>\n<!-- \/ Yoast SEO plugin. -->","yoast_head_json":{"title":"Dia da Independ\u00eancia: como \u00e9 comemorado ao redor do mundo","description":"Dia da independ\u00eancia \u00e9 celebrado de formas \u00fanicas em v\u00e1rios pa\u00edses, com tradi\u00e7\u00f5es que refor\u00e7am cultura, liberdade e identidade nacional.","robots":{"index":"index","follow":"follow","max-snippet":"max-snippet:-1","max-image-preview":"max-image-preview:large","max-video-preview":"max-video-preview:-1"},"canonical":"https:\/\/www.brazilts.com.br\/blog\/como-o-dia-da-independencia-e-comemorado\/","og_locale":"pt_BR","og_type":"article","og_title":"Dia da Independ\u00eancia: como \u00e9 comemorado ao redor do mundo","og_description":"Dia da independ\u00eancia \u00e9 celebrado de formas \u00fanicas em v\u00e1rios pa\u00edses, com tradi\u00e7\u00f5es que refor\u00e7am cultura, liberdade e identidade nacional.","og_url":"https:\/\/www.brazilts.com.br\/blog\/como-o-dia-da-independencia-e-comemorado\/","og_site_name":"Brazil Translations","article_published_time":"2025-09-12T19:42:45+00:00","article_modified_time":"2025-09-12T19:44:21+00:00","og_image":[{"width":1000,"height":667,"url":"https:\/\/www.brazilts.com.br\/blog\/wp-content\/uploads\/2025\/09\/2147817182.jpg","type":"image\/jpeg"}],"author":"Camilla Schuenher","twitter_card":"summary_large_image","twitter_misc":{"Escrito por":"Camilla Schuenher","Est. tempo de leitura":"7 minutos"},"schema":{"@context":"https:\/\/schema.org","@graph":[{"@type":"Article","@id":"https:\/\/www.brazilts.com.br\/blog\/como-o-dia-da-independencia-e-comemorado\/#article","isPartOf":{"@id":"https:\/\/www.brazilts.com.br\/blog\/como-o-dia-da-independencia-e-comemorado\/"},"author":{"name":"Camilla Schuenher","@id":"https:\/\/www.brazilts.com.br\/blog\/#\/schema\/person\/8edb43296eab3389709fa30e2dbd2aeb"},"headline":"Como o dia da independ\u00eancia \u00e9 comemorado ao redor do mundo","datePublished":"2025-09-12T19:42:45+00:00","dateModified":"2025-09-12T19:44:21+00:00","mainEntityOfPage":{"@id":"https:\/\/www.brazilts.com.br\/blog\/como-o-dia-da-independencia-e-comemorado\/"},"wordCount":1306,"publisher":{"@id":"https:\/\/www.brazilts.com.br\/blog\/#organization"},"keywords":["celebra\u00e7\u00f5es nacionais independ\u00eancia","como a tradu\u00e7\u00e3o ajuda em celebra\u00e7\u00f5es nacionais?","como as tradi\u00e7\u00f5es culturais influenciam a independ\u00eancia?","como \u00e9 comemorado o dia da independ\u00eancia no mundo?","como o Brasil celebra sua independ\u00eancia?","como os EUA comemoram o dia da independ\u00eancia?","como pa\u00edses comemoram independ\u00eancia","desfiles c\u00edvicos","dia da independ\u00eancia","feriados nacionais","festas de independ\u00eancia","hist\u00f3ria do dia da independ\u00eancia","identidade cultural e independ\u00eancia","independ\u00eancia \u00c1frica do Sul","independ\u00eancia ao redor do mundo","independ\u00eancia Brasil","independ\u00eancia Estados Unidos","independ\u00eancia Fran\u00e7a","independ\u00eancia Gana","independ\u00eancia \u00cdndia","independ\u00eancia Indon\u00e9sia","independ\u00eancia M\u00e9xico","independ\u00eancia Portugal","o que \u00e9 o Grito de Dolores?","o que representa o dia da independ\u00eancia no M\u00e9xico?","o que une diferentes pa\u00edses no dia da independ\u00eancia?","patriotismo global","por que o dia da independ\u00eancia \u00e9 importante?","quais pa\u00edses africanos comemoram independ\u00eancia?","quais pa\u00edses celebram independ\u00eancia em agosto?","qual \u00e9 a diferen\u00e7a entre o 14 de julho da Fran\u00e7a e o 4 de julho dos EUA?","qual \u00e9 o papel da identidade cultural nessas datas?","qual \u00e9 o significado do 15 de agosto na \u00cdndia?","quando \u00e9 o dia da liberdade na \u00c1frica do Sul?","s\u00edmbolos da independ\u00eancia"],"articleSection":["Cultura e costumes"],"inLanguage":"pt-BR"},{"@type":"WebPage","@id":"https:\/\/www.brazilts.com.br\/blog\/como-o-dia-da-independencia-e-comemorado\/","url":"https:\/\/www.brazilts.com.br\/blog\/como-o-dia-da-independencia-e-comemorado\/","name":"Dia da Independ\u00eancia: como \u00e9 comemorado ao redor do mundo","isPartOf":{"@id":"https:\/\/www.brazilts.com.br\/blog\/#website"},"datePublished":"2025-09-12T19:42:45+00:00","dateModified":"2025-09-12T19:44:21+00:00","description":"Dia da independ\u00eancia \u00e9 celebrado de formas \u00fanicas em v\u00e1rios pa\u00edses, com tradi\u00e7\u00f5es que refor\u00e7am cultura, liberdade e identidade nacional.","breadcrumb":{"@id":"https:\/\/www.brazilts.com.br\/blog\/como-o-dia-da-independencia-e-comemorado\/#breadcrumb"},"inLanguage":"pt-BR","potentialAction":[{"@type":"ReadAction","target":["https:\/\/www.brazilts.com.br\/blog\/como-o-dia-da-independencia-e-comemorado\/"]}]},{"@type":"BreadcrumbList","@id":"https:\/\/www.brazilts.com.br\/blog\/como-o-dia-da-independencia-e-comemorado\/#breadcrumb","itemListElement":[{"@type":"ListItem","position":1,"name":"In\u00edcio","item":"https:\/\/www.brazilts.com.br\/blog\/"},{"@type":"ListItem","position":2,"name":"Como o dia da independ\u00eancia \u00e9 comemorado ao redor do mundo"}]},{"@type":"WebSite","@id":"https:\/\/www.brazilts.com.br\/blog\/#website","url":"https:\/\/www.brazilts.com.br\/blog\/","name":"Brazil Translations","description":"Blog  - Brazil Translations","publisher":{"@id":"https:\/\/www.brazilts.com.br\/blog\/#organization"},"potentialAction":[{"@type":"SearchAction","target":{"@type":"EntryPoint","urlTemplate":"https:\/\/www.brazilts.com.br\/blog\/?s={search_term_string}"},"query-input":"required name=search_term_string"}],"inLanguage":"pt-BR"},{"@type":"Organization","@id":"https:\/\/www.brazilts.com.br\/blog\/#organization","name":"Brazil Translations","url":"https:\/\/www.brazilts.com.br\/blog\/","logo":{"@type":"ImageObject","inLanguage":"pt-BR","@id":"https:\/\/www.brazilts.com.br\/blog\/#\/schema\/logo\/image\/","url":"https:\/\/www.brazilts.com.br\/blog\/wp-content\/uploads\/2026\/01\/logo-1-3.png","contentUrl":"https:\/\/www.brazilts.com.br\/blog\/wp-content\/uploads\/2026\/01\/logo-1-3.png","width":1988,"height":1080,"caption":"Brazil Translations"},"image":{"@id":"https:\/\/www.brazilts.com.br\/blog\/#\/schema\/logo\/image\/"}},{"@type":"Person","@id":"https:\/\/www.brazilts.com.br\/blog\/#\/schema\/person\/8edb43296eab3389709fa30e2dbd2aeb","name":"Camilla Schuenher","url":"https:\/\/www.brazilts.com.br\/blog\/author\/camilla\/"}]}},"_links":{"self":[{"href":"https:\/\/www.brazilts.com.br\/blog\/wp-json\/wp\/v2\/posts\/5339"}],"collection":[{"href":"https:\/\/www.brazilts.com.br\/blog\/wp-json\/wp\/v2\/posts"}],"about":[{"href":"https:\/\/www.brazilts.com.br\/blog\/wp-json\/wp\/v2\/types\/post"}],"author":[{"embeddable":true,"href":"https:\/\/www.brazilts.com.br\/blog\/wp-json\/wp\/v2\/users\/3"}],"replies":[{"embeddable":true,"href":"https:\/\/www.brazilts.com.br\/blog\/wp-json\/wp\/v2\/comments?post=5339"}],"version-history":[{"count":1,"href":"https:\/\/www.brazilts.com.br\/blog\/wp-json\/wp\/v2\/posts\/5339\/revisions"}],"predecessor-version":[{"id":5342,"href":"https:\/\/www.brazilts.com.br\/blog\/wp-json\/wp\/v2\/posts\/5339\/revisions\/5342"}],"wp:featuredmedia":[{"embeddable":true,"href":"https:\/\/www.brazilts.com.br\/blog\/wp-json\/wp\/v2\/media\/5341"}],"wp:attachment":[{"href":"https:\/\/www.brazilts.com.br\/blog\/wp-json\/wp\/v2\/media?parent=5339"}],"wp:term":[{"taxonomy":"category","embeddable":true,"href":"https:\/\/www.brazilts.com.br\/blog\/wp-json\/wp\/v2\/categories?post=5339"},{"taxonomy":"post_tag","embeddable":true,"href":"https:\/\/www.brazilts.com.br\/blog\/wp-json\/wp\/v2\/tags?post=5339"}],"curies":[{"name":"wp","href":"https:\/\/api.w.org\/{rel}","templated":true}]}}